{"id":807,"date":"2015-11-19T15:36:43","date_gmt":"2015-11-19T13:36:43","guid":{"rendered":"http:\/\/antipatic.ro\/?p=807"},"modified":"2015-11-19T15:36:43","modified_gmt":"2015-11-19T13:36:43","slug":"piarul-care-imi-umple-caprioara-de-lacrimi","status":"publish","type":"post","link":"https:\/\/antipatic.ro\/index.php\/2015\/11\/19\/piarul-care-imi-umple-caprioara-de-lacrimi\/","title":{"rendered":"PiaRul care \u00eemi umple c\u0103prioara de lacrimi"},"content":{"rendered":"<p>&nbsp;<\/p>\n<p>Am auzit c\u0103 o prezentatoare de \u0219tiri\/cititoare de promptere pl\u00e2nge. \u0218i mi-am dat seama c\u0103 mi se rupe.<\/p>\n<p>&nbsp;<\/p>\n<p>Mi se rupe o buc\u0103\u021bic\u0103 de suflet cu fiecare lacrim\u0103 pe care o vars\u0103 ea public. Pentru alea pe care le vars\u0103 \u00een particular nu mi se rupe, alea sunt \u00een intimitate.<\/p>\n<p>&nbsp;<\/p>\n<p>\u0218i m-am \u00eentrebat, c\u0103ci eu m\u0103 \u00eentreb c\u00e2nd aud ca pl\u00e2nge lumea, doar sunt un animal social, empatic \u0219i sentimental, la fel ca ea: de ce pl\u00e2nge? Ce s-a \u00eentamplat de a ajuns la momentul ei public de \u201cDrag\u0103 Stolo\u201d?<\/p>\n<p>&nbsp;<\/p>\n<p><a href=\"http:\/\/antipatic.ro\/wp-content\/uploads\/2015\/11\/basescu-stolojan.jpg\"><img loading=\"lazy\" decoding=\"async\" class=\"alignnone size-full wp-image-810\" src=\"http:\/\/antipatic.ro\/wp-content\/uploads\/2015\/11\/basescu-stolojan.jpg\" alt=\"basescu-stolojan\" width=\"300\" height=\"225\" \/><\/a><\/p>\n<p>&nbsp;<\/p>\n<p>Eh, p\u0103i nimic special. Sau nimic din ce nu se \u00eent\u00e2mpla p\u00e2n\u0103 acum, c\u0103 doar lucreaz\u0103 cu \u0219tiri \u0219i are acces la informa\u021bii. Doar c\u0103 acum trebuie s\u0103 ne arate c\u00e2t de mult o afecteaz\u0103 ce se \u00eent\u00e2mpl\u0103 \u00een lume, trebuie s\u0103 ne dea un exemplu, s\u0103 fie un far c\u0103l\u0103uzitor al comportamentului uman \u00een situa\u021bii critice, s\u0103 fie licuriciul lacrimilor publice.<\/p>\n<p>&nbsp;<\/p>\n<p>Pentru c\u0103 p\u00e2n\u0103 acum dramele erau mai pu\u021bin vizibile, ergo mai pu\u021bin interesante din punct de vedere \u201cpi\u0219\u0103 ochii PR\u201d.<\/p>\n<p>&nbsp;<\/p>\n<p>Acum sunt vii, crude, pentru c\u0103 afecteaza oameni oarecum similari cu ea \u0219i cu majoritatea dintre noi, oameni cu care se poate identifica, deci o afecteaz\u0103 de\u0219i de fapt nu o afecteaz\u0103.<\/p>\n<p>&nbsp;<\/p>\n<p>Ne poveste\u0219te ea cum \u00ee\u0219i duce via\u021ba normal, ca \u0219i p\u00e2n\u0103 acum, cum se duce la sal\u0103, cum se duce la restaurante, la filme, cum vorbe\u0219te cu prietenii, cum organizeaz\u0103 t\u00e2rguri (sic), apoi o apuc\u0103 pl\u00e2nsul pentru c\u0103&#8230;nu mai poate.<\/p>\n<p>&nbsp;<\/p>\n<p><a href=\"http:\/\/antipatic.ro\/wp-content\/uploads\/2015\/11\/1421434990-nummer-6.gif\"><img loading=\"lazy\" decoding=\"async\" class=\"alignnone size-full wp-image-814\" src=\"http:\/\/antipatic.ro\/wp-content\/uploads\/2015\/11\/1421434990-nummer-6.gif\" alt=\"1421434990-nummer-6\" width=\"242\" height=\"230\" \/><\/a><\/p>\n<p>&nbsp;<\/p>\n<p>Pl\u00e2nge pentru c\u0103 \u0219tie ce li s-ar putea \u00eent\u00e2mpla oamenilor cu copii, a\u0219a cum este \u0219i ea. \u0218i se \u00eengroze\u0219te. C\u0103ci drobul de sare st\u0103 s\u0103 cad\u0103 \u0219i cam asta e, s-a terminat.<\/p>\n<p>&nbsp;<\/p>\n<p>Noi, restul pulimii care avem copii suntem prea pu\u021bin afecta\u021bi, noi nu \u00een\u021belegem, nu suntem suficient de profunzi, noi avem alte griji pe lumea asta, a\u0219a c\u0103 ne d\u0103 ea exemplu cum trebuie s\u0103 fim \u00een astfel de situa\u021bii.<\/p>\n<p>&nbsp;<\/p>\n<p>Sigur, \u0219i pentru \u0103ia f\u0103r\u0103 copii problemele \u00eenchipuite sunt probabil na\u0219pa, dar nici chiar a\u0219a. \u0102ia f\u0103r\u0103 copii nu au de unde s\u0103 \u0219tie cum e, chiar \u00eei invidiaz\u0103 pentru asta, c\u0103 ei nu trebuie s\u0103 treac\u0103 prin iadul prin care trece ea. Bine, nici ea nu are de unde s\u0103 \u0219tie de fapt cum e pentru c\u0103 nu trece \u00een mod real prin ceva na\u0219pa, c\u0103 nu i s-a \u00eent\u00e2mplat nimic personal, li s-a \u00eentamplat altora, care oricum nu conteaz\u0103 \u00een discutie c\u0103ci de fapt nu este vorba despre ei ci despre pl\u00e2nsul ei, care pare un pic mai important.<\/p>\n<p>&nbsp;<\/p>\n<p>Dar ea totu\u0219i \u0219tie, \u00eentelege cum este daca s-ar \u00eent\u00e2mpla, pentru c\u0103 are copii, de\u0219i prin aceea\u0219i logic\u0103 a ne\u00eent\u00e2mpl\u0103rii ar putea s\u0103 \u0219tie \u0219i \u0103ia care nu au copii, dar ei nu \u0219tiu pentru c\u0103 ea e unic\u0103 \u0219i irepetabil\u0103 \u0219i &#8230;&#8230;gata c\u0103 m\u0103 \u00eencurc \u00een logic\u0103, sentimente \u0219i lacrimi.<\/p>\n<p>&nbsp;<\/p>\n<p>Ea pl\u00e2nge seara, chiar dac\u0103 nu este \u00een concediu, \u00eensa doar pentru c\u0103 este o situa\u021bie excep\u021bional\u0103. C\u0103ci ea este o profesionist\u0103 \u0219i \u00een general pl\u00e2nge doar \u00een concedii, a\u0219a e \u00een Job Description la ea. \u0218i \u00een plus are \u00een contractul de munc\u0103 o clauz\u0103 care interzice exprimarea emo\u021biilor prin secre\u021bie public\u0103 de lichide corporale. Nu are voie de exemplu s\u0103 se pi\u0219e pe ea de fric\u0103 sau s\u0103 se umezeasc\u0103 de excitare dec\u00e2t \u00een concediu, \u00een weekend sau de s\u0103rb\u0103torile legale. \u0218i evident regula s-ar aplica \u0219i la pl\u00e2ns, dar acum face o excep\u021bie. Cred c\u0103 o face pentru noi. Offff&#8230;.<\/p>\n<p>&nbsp;<\/p>\n<p><a href=\"http:\/\/antipatic.ro\/wp-content\/uploads\/2015\/11\/baby-crying.jpg\"><img loading=\"lazy\" decoding=\"async\" class=\"alignnone size-full wp-image-811\" src=\"http:\/\/antipatic.ro\/wp-content\/uploads\/2015\/11\/baby-crying.jpg\" alt=\"baby crying\" width=\"480\" height=\"319\" srcset=\"https:\/\/antipatic.ro\/wp-content\/uploads\/2015\/11\/baby-crying.jpg 480w, https:\/\/antipatic.ro\/wp-content\/uploads\/2015\/11\/baby-crying-300x199.jpg 300w\" sizes=\"auto, (max-width: 480px) 100vw, 480px\" \/><\/a><\/p>\n<p>&nbsp;<\/p>\n<p>Oh, dar stai, tocmai am avut o revela\u021bie: \u0219i noi ceilal\u021bi avem copii. \u0218i noi suntem empatici. Ba chiar unora dintre noi ni s-au \u00eent\u00e2mplat ni\u0219te nasoale grave cu copii proprii. Nou\u0103 personal, nu altora de care am auzit la \u0219tiri. Dar am fost pro\u0219ti, nu ne-am pl\u00e2ns, am str\u00e2ns din din\u021bi, am f\u0103cut ce trebuia s\u0103 facem ca s\u0103 fie bine \u0219i cam at\u00e2t, am mers mai departe. Insensibilii de noi.<\/p>\n<p>&nbsp;<\/p>\n<p>Ne cerem iertare viat\u0103, c\u0103 nu am pl\u00e2ns public, PR-ist ipocrit, c\u00e2nd nu ni s-a \u00eent\u00e2mplat nimic. \u0218i nici c\u00e2nd ni s-a \u00eent\u00e2mplat. Nostra culpa!<\/p>\n<p>&nbsp;<\/p>\n<p>Se las\u0103 seara.<\/p>\n<p>Cred c\u0103 este timpul s\u0103 devin empatic cu mine \u00eensumi.<\/p>\n<p>Drobul meu de sare a c\u0103zut de mult, dar m-am ferit. Probabil mai am c\u00e2teva care m\u0103 asteapt\u0103. Acum este timpul s\u0103 pl\u00e2ng \u0219i s\u0103 anun\u021b asta.<\/p>\n<p>Ca s\u0103 \u0219tie lumea ca sunt sensibil, \u00een pula mea. Doar nu pl\u00e2ng degeaba, f\u0103r\u0103 audien\u021b\u0103.<\/p>\n<p>&nbsp;<\/p>\n<p>O s\u0103 \u00eemi sun \u0219i p\u0103rin\u021bii s\u0103 le spun c\u0103 o s\u0103 pl\u00e2ng.<\/p>\n<p>Sau poate m\u0103n\u00e2nc ceva mai \u00eent\u00e2i, c\u0103ci seara mi se face foame.<\/p>\n<p>Ah nu, mai bine le fac \u00eempreun\u0103.<\/p>\n<p>&nbsp;<\/p>\n<p>Mai bine m\u0103n\u00e2nc si&#8230; pl\u00e2ng. Ce g\u00e2nde\u015fte tata? M\u0103n\u00e2nc \u015fi pl\u00e2ng. M\u0103n\u00e2nc!<\/p>\n<p>&nbsp;<\/p>\n<p><a href=\"http:\/\/antipatic.ro\/wp-content\/uploads\/2015\/11\/Bambi-impuscat.gif\"><img loading=\"lazy\" decoding=\"async\" class=\"alignnone size-full wp-image-812\" src=\"http:\/\/antipatic.ro\/wp-content\/uploads\/2015\/11\/Bambi-impuscat.gif\" alt=\"Bambi impuscat\" width=\"499\" height=\"361\" \/><\/a><\/p>\n<p>&nbsp;<\/p>\n<p>&nbsp;<\/p>\n","protected":false},"excerpt":{"rendered":"<p>&nbsp; Am auzit c\u0103 o prezentatoare de \u0219tiri\/cititoare de promptere pl\u00e2nge. \u0218i mi-am dat seama c\u0103 mi se rupe. &nbsp; Mi se rupe o buc\u0103\u021bic\u0103 de suflet cu fiecare lacrim\u0103<\/p>\n<div class=\"read-more\"><a class=\"theme-btn\" href=\"https:\/\/antipatic.ro\/index.php\/2015\/11\/19\/piarul-care-imi-umple-caprioara-de-lacrimi\/\" >READ MORE<\/a><\/div>\n","protected":false},"author":1,"featured_media":809,"comment_status":"open","ping_status":"open","sticky":false,"template":"","format":"standard","meta":{"footnotes":""},"categories":[6,1],"tags":[],"class_list":["post-807","post","type-post","status-publish","format-standard","has-post-thumbnail","hentry","category-mandru-ca-sunt","category-uncategorized"],"_links":{"self":[{"href":"https:\/\/antipatic.ro\/index.php\/wp-json\/wp\/v2\/posts\/807","targetHints":{"allow":["GET"]}}],"collection":[{"href":"https:\/\/antipatic.ro\/index.php\/wp-json\/wp\/v2\/posts"}],"about":[{"href":"https:\/\/antipatic.ro\/index.php\/wp-json\/wp\/v2\/types\/post"}],"author":[{"embeddable":true,"href":"https:\/\/antipatic.ro\/index.php\/wp-json\/wp\/v2\/users\/1"}],"replies":[{"embeddable":true,"href":"https:\/\/antipatic.ro\/index.php\/wp-json\/wp\/v2\/comments?post=807"}],"version-history":[{"count":8,"href":"https:\/\/antipatic.ro\/index.php\/wp-json\/wp\/v2\/posts\/807\/revisions"}],"predecessor-version":[{"id":821,"href":"https:\/\/antipatic.ro\/index.php\/wp-json\/wp\/v2\/posts\/807\/revisions\/821"}],"wp:featuredmedia":[{"embeddable":true,"href":"https:\/\/antipatic.ro\/index.php\/wp-json\/wp\/v2\/media\/809"}],"wp:attachment":[{"href":"https:\/\/antipatic.ro\/index.php\/wp-json\/wp\/v2\/media?parent=807"}],"wp:term":[{"taxonomy":"category","embeddable":true,"href":"https:\/\/antipatic.ro\/index.php\/wp-json\/wp\/v2\/categories?post=807"},{"taxonomy":"post_tag","embeddable":true,"href":"https:\/\/antipatic.ro\/index.php\/wp-json\/wp\/v2\/tags?post=807"}],"curies":[{"name":"wp","href":"https:\/\/api.w.org\/{rel}","templated":true}]}}