{"id":755,"date":"2015-11-04T12:56:41","date_gmt":"2015-11-04T10:56:41","guid":{"rendered":"http:\/\/antipatic.ro\/?p=755"},"modified":"2015-11-04T13:17:04","modified_gmt":"2015-11-04T11:17:04","slug":"prigonitii","status":"publish","type":"post","link":"https:\/\/antipatic.ro\/index.php\/2015\/11\/04\/prigonitii\/","title":{"rendered":"Prigoni\u021bii"},"content":{"rendered":"<p>&nbsp;<\/p>\n<p>NU, Biserica nu este de vin\u0103 pentru ce s-a \u00eent\u00e2mplat \u00een Colectiv. Nu \u00eemi place deloc institu\u021bia, dup\u0103 cum vede\u021bi \u0219i <a href=\"http:\/\/antipatic.ro\/index.php\/category\/esti-pidosnic\/\" target=\"_blank\">aici<\/a>, dar nici nu pot s\u0103 m\u0103 ad\u00e2ncesc \u00een noaptea ra\u021biunii, c\u0103 \u0219tiu ce se na\u0219te atunci.<\/p>\n<p>&nbsp;<\/p>\n<p>Pe de alt\u0103 parte, tot noaptea ra\u021biunii ar fi s\u0103 ignor\u0103m <a href=\"http:\/\/www.hotnews.ro\/stiri-esential-20554177-patriarhul-daniel-respectat-reculegerea-cand-arata-ostilitate-ura-fata-biserica-retragem.htm\" target=\"_blank\">declara\u021bia<\/a> non\u0219alant\u0103 a MultPreaFericituluiAurituluiLimuzinitului: \u201cNu toat\u0103 lumea a dorit slujbe cu preo\u021bi \u0219i, c\u0103nd Biserica nu-i dorit\u0103 \u00een spa\u021biul public, \u00een care i se arat\u0103 ostilitate \u0219i ur\u0103, atunci noi ne retragem \u00een spa\u021biul liturgic al nostru. <strong>Ca \u00een timpul prigoanelor vechi<\/strong>\u201d<\/p>\n<p>&nbsp;<\/p>\n<p>Ca ce m\u0103h?<\/p>\n<p>&nbsp;<\/p>\n<p>Ca \u00een timpul prigoanelor vechi?<\/p>\n<p>&nbsp;<\/p>\n<p>S\u0103-mi fut una singur peste mecla, cred c\u0103 tr\u0103iesc \u00eentr-un univers paralel \u0219i habar nu aveam.<\/p>\n<p>&nbsp;<\/p>\n<p>Nu \u00eemi amintesc \u00een istoria omenirii o perioad\u0103 \u00een care biserica s\u0103 fi avut at\u00e2ta putere, influen\u021b\u0103, bog\u0103\u021bie, infatuare, impertinen\u021b\u0103, megalomanie \u0219i ipocrizie.<\/p>\n<p>&nbsp;<\/p>\n<p>A\u0219 vrea s\u0103 m\u0103 simt prigonit \u0219i eu cu multe milioane de Euro \u00een cont, conduc\u00e2nd o armat\u0103 de slujitori care au ca singur scop s\u0103 \u00eemi str\u00e2ng\u0103 \u0219i mai mul\u021bi bani, s\u0103 afle lucruri pe care s\u0103 le folosesc \u00een campanii electorale ca s\u0103 manipulez masele, s\u0103 am p\u00e2rghiile ca s\u0103 le pot \u00eendruma c\u0103tre cei care vreau eu s\u0103 ajung\u0103 la conducerea \u021b\u0103rii ca s\u0103 ob\u021bin \u0219i mai mul\u021bi bani, \u0219i mai mult\u0103 putere.<\/p>\n<p>&nbsp;<\/p>\n<p><a href=\"http:\/\/antipatic.ro\/wp-content\/uploads\/2015\/11\/Money-bible.jpg\"><img loading=\"lazy\" decoding=\"async\" class=\"alignnone size-full wp-image-766\" src=\"http:\/\/antipatic.ro\/wp-content\/uploads\/2015\/11\/Money-bible.jpg\" alt=\"Money bible\" width=\"385\" height=\"285\" srcset=\"https:\/\/antipatic.ro\/wp-content\/uploads\/2015\/11\/Money-bible.jpg 385w, https:\/\/antipatic.ro\/wp-content\/uploads\/2015\/11\/Money-bible-300x222.jpg 300w\" sizes=\"auto, (max-width: 385px) 100vw, 385px\" \/><\/a><\/p>\n<p>&nbsp;<\/p>\n<p>Din nou, Biserica NU ARE NIMIC DE A FACE CU CE S-A \u00ceNT\u00c2MPLAT \u00ceN COLECTIV.<\/p>\n<p>&nbsp;<\/p>\n<p>Dar este departe de a fi imaculat\u0103.<\/p>\n<p>&nbsp;<\/p>\n<p>Exist\u0103 o furie, p\u00e2n\u0103 acum latent\u0103, acumulat\u0103 \u00een prea mul\u021bi ani, care tocmai s-a activat \u0219i care trebuie canalizat\u0103 c\u0103tre ceva. \u0218i c\u0103tre orice surs\u0103 de frustrare, spre orice direc\u021bie unde exist\u0103 o vin\u0103 pentru tot r\u0103ul \u0103sta generalizat, se va indrepta un deget acuzator. Iar frustr\u0103ri vis-a-vis de Biseric\u0103 s-au str\u00e2ns prea multe \u0219i vin\u0103 poart\u0103 la fel de mult\u0103 ca toate celelalte institu\u021bii laice, din cauza activita\u021bii \u0219i atitudinii total contrare \u00eenv\u0103\u021b\u0103mintelor pe care le predic\u0103.<\/p>\n<p>&nbsp;<\/p>\n<p>Atunci c\u00e2nd stai cu picioarele p\u00e2n\u0103 la genunchi \u00een hazna, po\u021bi s\u0103 strigi c\u00e2t vrei c\u0103 tu c\u0103 vinzi iasomie. P\u00e2n\u0103 la urm\u0103 to\u021bi or s\u0103 \u00ee\u0219i dea seama c\u0103 miroase a c\u0103cat.<\/p>\n<p>&nbsp;<\/p>\n<p>\u00cen contextul \u0103sta, de la a fi admonestat de cei pe care \u00eei min\u021bi in fa\u021ba \u0219i \u00eei tratezi cu impertinen\u021b\u0103 si dispret atunci c\u0103nd nu sunt de acord cu tine, p\u0103n\u0103 la a se sim\u021bi prigoni\u021bi, s\u0103 m\u0103 ierte MultPreaFericitulAuritulLimuzinitul (am \u00eenteles c\u0103 are \u0219i aceast\u0103 activitate \u00een descrierea postului), e distan\u021b\u0103 ca de la biseric\u0103 la credin\u021b\u0103.<\/p>\n<p>&nbsp;<\/p>\n<p>Fantoma \u00een cearceaf alb este cam \u00een aceea\u0219i situa\u021bie \u00een care s-ar afla o prostituat\u0103 care, dup\u0103 ce a \u00eencasat 10.000 de EURO \u00eentr-o noapte la bordel, particip\u00e2nd la o orgie singur\u0103 cu 9 b\u0103rba\u021bi, s-ar pl\u00e2nge matroanei c\u0103 unul dintre ei i-a zis curva.<\/p>\n<p>&nbsp;<\/p>\n<p>Hai mai bine taci \u0219i z\u00e2mbe\u0219te frumos.<\/p>\n<p>&nbsp;<\/p>\n<p><a href=\"http:\/\/antipatic.ro\/wp-content\/uploads\/2015\/11\/Shy-animated.gif\"><img loading=\"lazy\" decoding=\"async\" class=\"alignnone size-full wp-image-757\" src=\"http:\/\/antipatic.ro\/wp-content\/uploads\/2015\/11\/Shy-animated.gif\" alt=\"Shy animated\" width=\"500\" height=\"374\" \/><\/a><\/p>\n<p>&nbsp;<\/p>\n<p>&nbsp;<\/p>\n<p>Dar, pentru c\u0103 nu am toate informa\u021biile \u0219i a\u0219 vrea sa fiu pe c\u00e2t posibil corect, recunosc c\u0103 exist\u0103 \u0219i posibilitatea s\u0103 m\u0103 \u00een\u0219el \u00een aser\u021biunea de mai sus.<\/p>\n<p>&nbsp;<\/p>\n<p>Daca MultPreaFericitulAuritulLimuzinitul se refer\u0103 de fapt la Prigoan\u0103, care i-o fi administrat o mic\u0103 b\u0103t\u0103i\u021b\u0103 la fundul gol cu faimosul lui plici, cand se jucau ei de-a tata si de-a tata, atunci \u00eemi fac \u201cmea culpa\u201d, am interpretat gre\u0219it \u0219i mali\u021bios situa\u021bia.<\/p>\n<p>&nbsp;<\/p>\n<p><a href=\"http:\/\/antipatic.ro\/wp-content\/uploads\/2015\/11\/Pliciul-lui-Prigoana.jpg\"><img loading=\"lazy\" decoding=\"async\" class=\"alignnone size-full wp-image-759\" src=\"http:\/\/antipatic.ro\/wp-content\/uploads\/2015\/11\/Pliciul-lui-Prigoana.jpg\" alt=\"Pliciul lui Prigoana\" width=\"240\" height=\"320\" srcset=\"https:\/\/antipatic.ro\/wp-content\/uploads\/2015\/11\/Pliciul-lui-Prigoana.jpg 240w, https:\/\/antipatic.ro\/wp-content\/uploads\/2015\/11\/Pliciul-lui-Prigoana-225x300.jpg 225w\" sizes=\"auto, (max-width: 240px) 100vw, 240px\" \/><\/a><\/p>\n<p>&nbsp;<\/p>\n<p>Peace!<\/p>\n<p>&nbsp;<\/p>\n<p><a href=\"http:\/\/antipatic.ro\/wp-content\/uploads\/2015\/11\/peace.jpg\"><img loading=\"lazy\" decoding=\"async\" class=\"alignnone size-full wp-image-758\" src=\"http:\/\/antipatic.ro\/wp-content\/uploads\/2015\/11\/peace.jpg\" alt=\"peace\" width=\"344\" height=\"246\" srcset=\"https:\/\/antipatic.ro\/wp-content\/uploads\/2015\/11\/peace.jpg 344w, https:\/\/antipatic.ro\/wp-content\/uploads\/2015\/11\/peace-300x215.jpg 300w\" sizes=\"auto, (max-width: 344px) 100vw, 344px\" \/><\/a><\/p>\n<p>&nbsp;<\/p>\n<p>&nbsp;<\/p>\n","protected":false},"excerpt":{"rendered":"<p>&nbsp; NU, Biserica nu este de vin\u0103 pentru ce s-a \u00eent\u00e2mplat \u00een Colectiv. Nu \u00eemi place deloc institu\u021bia, dup\u0103 cum vede\u021bi \u0219i aici, dar nici nu pot s\u0103 m\u0103 ad\u00e2ncesc<\/p>\n<div class=\"read-more\"><a class=\"theme-btn\" href=\"https:\/\/antipatic.ro\/index.php\/2015\/11\/04\/prigonitii\/\" >READ MORE<\/a><\/div>\n","protected":false},"author":1,"featured_media":756,"comment_status":"open","ping_status":"open","sticky":false,"template":"","format":"standard","meta":{"footnotes":""},"categories":[15,1],"tags":[],"class_list":["post-755","post","type-post","status-publish","format-standard","has-post-thumbnail","hentry","category-esti-pidosnic","category-uncategorized"],"_links":{"self":[{"href":"https:\/\/antipatic.ro\/index.php\/wp-json\/wp\/v2\/posts\/755","targetHints":{"allow":["GET"]}}],"collection":[{"href":"https:\/\/antipatic.ro\/index.php\/wp-json\/wp\/v2\/posts"}],"about":[{"href":"https:\/\/antipatic.ro\/index.php\/wp-json\/wp\/v2\/types\/post"}],"author":[{"embeddable":true,"href":"https:\/\/antipatic.ro\/index.php\/wp-json\/wp\/v2\/users\/1"}],"replies":[{"embeddable":true,"href":"https:\/\/antipatic.ro\/index.php\/wp-json\/wp\/v2\/comments?post=755"}],"version-history":[{"count":7,"href":"https:\/\/antipatic.ro\/index.php\/wp-json\/wp\/v2\/posts\/755\/revisions"}],"predecessor-version":[{"id":767,"href":"https:\/\/antipatic.ro\/index.php\/wp-json\/wp\/v2\/posts\/755\/revisions\/767"}],"wp:featuredmedia":[{"embeddable":true,"href":"https:\/\/antipatic.ro\/index.php\/wp-json\/wp\/v2\/media\/756"}],"wp:attachment":[{"href":"https:\/\/antipatic.ro\/index.php\/wp-json\/wp\/v2\/media?parent=755"}],"wp:term":[{"taxonomy":"category","embeddable":true,"href":"https:\/\/antipatic.ro\/index.php\/wp-json\/wp\/v2\/categories?post=755"},{"taxonomy":"post_tag","embeddable":true,"href":"https:\/\/antipatic.ro\/index.php\/wp-json\/wp\/v2\/tags?post=755"}],"curies":[{"name":"wp","href":"https:\/\/api.w.org\/{rel}","templated":true}]}}