{"id":1362,"date":"2016-07-01T12:09:06","date_gmt":"2016-07-01T09:09:06","guid":{"rendered":"http:\/\/antipatic.ro\/?p=1362"},"modified":"2016-07-01T12:09:06","modified_gmt":"2016-07-01T09:09:06","slug":"sfantul-gauss","status":"publish","type":"post","link":"https:\/\/antipatic.ro\/index.php\/2016\/07\/01\/sfantul-gauss\/","title":{"rendered":"Sf\u00e2ntul Gauss"},"content":{"rendered":"<p>&nbsp;<\/p>\n<p>Dup\u0103 o noapte nedormit\u0103 \u00een care, pentru binele \u0219i prop\u0103\u0219irea acestei na\u021bii am f\u0103cut cercet\u0103ri asidue ca s\u0103 gasesc o solu\u021bie la problema na\u021bionala a graficului care a dat peste cap viitorul Rom\u00e2niei, pot s\u0103 spun c\u0103 am g\u0103sit varianta corect\u0103, care con\u021bine sf\u00e2ntul si irefutabilul adev\u0103r.<\/p>\n<p>&nbsp;<\/p>\n<p>R\u0103spunsul era de altfel foarte cunoscut, foarte simplu \u0219i la \u00eendem\u00e2n\u0103, la fel ca toate r\u0103spunsurile geniale care au clarificat marile mistere ale omenirii, de la \u201cunde se duce soarele c\u00e2nd se culc\u0103?\u201d la \u201cde ce are un gust ciudat z\u0103pada galben\u0103?\u201d.<\/p>\n<p>&nbsp;<\/p>\n<p>Ecce veritas:<\/p>\n<p>&nbsp;<\/p>\n<p><a href=\"http:\/\/antipatic.ro\/wp-content\/uploads\/2016\/07\/IQ.gif\"><img loading=\"lazy\" decoding=\"async\" class=\"alignnone wp-image-1364 size-full\" src=\"http:\/\/antipatic.ro\/wp-content\/uploads\/2016\/07\/IQ.gif\" alt=\"IQ\" width=\"607\" height=\"262\" \/><\/a><\/p>\n<p>&nbsp;<\/p>\n<p>&nbsp;<\/p>\n<p>Cu alte cuvinte, nu to\u021bi copiii sunt de\u0219tep\u021bi. La fel cum nu to\u021bi sunt frumosi. Majoritatea au o inteligen\u021b\u0103 medie spre deloc \u0219i sunt frumo\u0219i ca Fiatul Multipla.<\/p>\n<p>&nbsp;<\/p>\n<p>&nbsp;<\/p>\n<p><a href=\"http:\/\/antipatic.ro\/wp-content\/uploads\/2016\/07\/Fiat_Multipla_front_20070605.jpg\"><img loading=\"lazy\" decoding=\"async\" class=\"alignnone size-medium wp-image-1365\" src=\"http:\/\/antipatic.ro\/wp-content\/uploads\/2016\/07\/Fiat_Multipla_front_20070605-300x245.jpg\" alt=\"Fiat_Multipla_front_20070605\" width=\"300\" height=\"245\" srcset=\"https:\/\/antipatic.ro\/wp-content\/uploads\/2016\/07\/Fiat_Multipla_front_20070605-300x245.jpg 300w, https:\/\/antipatic.ro\/wp-content\/uploads\/2016\/07\/Fiat_Multipla_front_20070605.jpg 506w\" sizes=\"auto, (max-width: 300px) 100vw, 300px\" \/><\/a><\/p>\n<p>&nbsp;<\/p>\n<p>La adul\u021bi este la fel, adic\u0103 la p\u0103rin\u021bii celor \u00een cauz\u0103. Doar c\u0103 adul\u021bii au \u00een plus experien\u021ba, iar o inteligen\u021b\u0103 sub medie poate fi ascuns\u0103 \u00een spatele experien\u021bei\u00a0 pentru perioade mici de timp.<\/p>\n<p>&nbsp;<\/p>\n<p>Diferen\u021ba dintre cei care au cu ce \u0219i cei care mai degrab\u0103 nu, se face la am\u0103nunte din astea care conteaz\u0103 pentru \u201c0,50 de sutimi\u201d, cum simptomatic spunea una dintre elevele revoltate (pentru cei din partea st\u00e2ng\u0103 a graficului, este vorba de fapt de 50 de sutimi, dar asta este tot matematic\u0103).<\/p>\n<p>&nbsp;<\/p>\n<p>\u0218tiu, nimeni nu crede despre el \u00eensu\u0219i sau mai r\u0103u, despre copilul lui, c\u0103 ar putea fi prost sau ur\u00e2t. \u00cens\u0103 statistica \u0219i realitatea zic c\u0103 sunt mai mari \u0219ansele s\u0103 fii prost \u0219i\/sau ur\u00e2t dec\u00e2t de\u0219tept \u0219i\/sau frumos.<\/p>\n<p>&nbsp;<\/p>\n<p>Dar asta nu este o nenorocire. Este ok, este ceea ce este.<\/p>\n<p>&nbsp;<\/p>\n<p>Chiar dac\u0103 am fi o specie de fiin\u021be cu un coeficient mediu de inteligen\u021b\u0103 de peste 160, media s-ar muta la mijocul graficului \u0219i tot ar fi unii, foarte pu\u021bini, mai de\u0219tep\u021bi dec\u00e2t media, iar majoritatea \u00een medie sau mai pro\u0219ti. \u0218i s-ar diferen\u021bia tot prin capacitatea de a \u00een\u021belege ni\u0219te lucruri pe care ceilalti nu le \u00een\u021beleg.<\/p>\n<p>&nbsp;<\/p>\n<p>Este natural, este \u00een firea lucrurilor. De asta a \u0219i fost votat\u0103 Firea.<\/p>\n<p>&nbsp;<\/p>\n<p>(ah, de c\u00e2nd a\u0219tept s\u0103 fac \u0219i eu un calambur ca cele din campania electorala cu numele doamnei &#8230;).<\/p>\n<p>&nbsp;<\/p>\n<p>&nbsp;<\/p>\n","protected":false},"excerpt":{"rendered":"<p>&nbsp; Dup\u0103 o noapte nedormit\u0103 \u00een care, pentru binele \u0219i prop\u0103\u0219irea acestei na\u021bii am f\u0103cut cercet\u0103ri asidue ca s\u0103 gasesc o solu\u021bie la problema na\u021bionala a graficului care a dat<\/p>\n<div class=\"read-more\"><a class=\"theme-btn\" href=\"https:\/\/antipatic.ro\/index.php\/2016\/07\/01\/sfantul-gauss\/\" >READ MORE<\/a><\/div>\n","protected":false},"author":1,"featured_media":1363,"comment_status":"open","ping_status":"open","sticky":false,"template":"","format":"standard","meta":{"footnotes":""},"categories":[10],"tags":[],"class_list":["post-1362","post","type-post","status-publish","format-standard","has-post-thumbnail","hentry","category-nu-gandi-ca-doare"],"_links":{"self":[{"href":"https:\/\/antipatic.ro\/index.php\/wp-json\/wp\/v2\/posts\/1362","targetHints":{"allow":["GET"]}}],"collection":[{"href":"https:\/\/antipatic.ro\/index.php\/wp-json\/wp\/v2\/posts"}],"about":[{"href":"https:\/\/antipatic.ro\/index.php\/wp-json\/wp\/v2\/types\/post"}],"author":[{"embeddable":true,"href":"https:\/\/antipatic.ro\/index.php\/wp-json\/wp\/v2\/users\/1"}],"replies":[{"embeddable":true,"href":"https:\/\/antipatic.ro\/index.php\/wp-json\/wp\/v2\/comments?post=1362"}],"version-history":[{"count":10,"href":"https:\/\/antipatic.ro\/index.php\/wp-json\/wp\/v2\/posts\/1362\/revisions"}],"predecessor-version":[{"id":1375,"href":"https:\/\/antipatic.ro\/index.php\/wp-json\/wp\/v2\/posts\/1362\/revisions\/1375"}],"wp:featuredmedia":[{"embeddable":true,"href":"https:\/\/antipatic.ro\/index.php\/wp-json\/wp\/v2\/media\/1363"}],"wp:attachment":[{"href":"https:\/\/antipatic.ro\/index.php\/wp-json\/wp\/v2\/media?parent=1362"}],"wp:term":[{"taxonomy":"category","embeddable":true,"href":"https:\/\/antipatic.ro\/index.php\/wp-json\/wp\/v2\/categories?post=1362"},{"taxonomy":"post_tag","embeddable":true,"href":"https:\/\/antipatic.ro\/index.php\/wp-json\/wp\/v2\/tags?post=1362"}],"curies":[{"name":"wp","href":"https:\/\/api.w.org\/{rel}","templated":true}]}}