{"id":1228,"date":"2016-05-10T10:08:53","date_gmt":"2016-05-10T07:08:53","guid":{"rendered":"http:\/\/antipatic.ro\/?p=1228"},"modified":"2016-05-11T15:32:33","modified_gmt":"2016-05-11T12:32:33","slug":"familia-ma-tii","status":"publish","type":"post","link":"https:\/\/antipatic.ro\/index.php\/2016\/05\/10\/familia-ma-tii\/","title":{"rendered":"Familia m\u0103-tii"},"content":{"rendered":"<p>&nbsp;<\/p>\n<p>M\u0103 g\u00e2ndesc s\u0103 devin homosexual. &#8220;Coali\u021bia Pentru Familie&#8221; este aproape s\u0103 m\u0103 conving\u0103 s\u0103 trec acest prag, de\u0219i de c\u00e2nd m\u0103 \u0219tiu am avut \u00eentotdeauna o atrac\u021bie deosebit\u0103 pentru sexul opus. A\u0219 \u00eencerca numai a\u0219a, \u00een ciuda idio\u021bilor. C\u00e2teodat\u0103 m\u0103 g\u00e2ndesc c\u0103 ar merita s\u0103 suport o alt\u0103 pula dec\u0103t a mea doar ca s\u0103 se indigneze ni\u0219te frustra\u021bi.<\/p>\n<p>&nbsp;<\/p>\n<p>Au trimis ei acum o<a href=\"http:\/\/www.evz.ro\/impotriva-casatoriilor-homosexuale-klaus-iohannis-si-dacian-ciolos-invitati-sa-semneze-alaturi-de-3-milioane-de-romani.html\" target=\"_blank\"> invita\u021bie<\/a> c\u0103tre Klaus Iohannis, Dacian Ciolo\u0219, C\u0103lin Popescu-T\u0103riceanu \u0219i Valeriu Zgonea, s\u0103 semneze \u0219i ei peti\u021bia prin care se cere \u00eenlocuirea \u00een Constitu\u021bia Rom\u00e2niei a termenului \u201eso\u021bi\u201d cu expresia \u201eb\u0103rbat \u0219i femeie\u201d, iar \u00een justificarea demersului au folosit drept argument inclusiv \u201cDeclara\u021bia Universal\u0103 a Drepturilor Omului\u201d.<\/p>\n<p>&nbsp;<\/p>\n<p>S\u0103 folose\u0219ti \u201cDeclara\u021bia Universal\u0103 a Drepturilor Omului\u201d ca s\u0103 justifici limitarea unor drepturi este absolut sublim.<\/p>\n<p>&nbsp;<\/p>\n<p>Este ca \u0219i cum ai folosi art. 218 din Codul Penal ca s\u0103 justifici c\u0103 cei \u0219apte magnifici din Vaslui nu au violat-o pe fata aia. Pentru c\u0103 se men\u021bioneaz\u0103 c\u0103 este viol dac\u0103 s-a f\u0103cut cu \u201cpunere \u00een imposibilitate de a se ap\u0103ra ori de a-\u015fi exprima voin\u0163a\u201d, iar ei au \u00eentrebat-o dac\u0103 vrea. Sigur c\u0103 fata a zis \u201cnu\u201d, dar este irelevant pentru c\u0103 ei au \u00eentrebat-o, deci nu au pus-o \u00een imposibilitatea de a-\u015fi exprima voin\u0163a, ergo nu este viol.<\/p>\n<p>&nbsp;<\/p>\n<p>S\u0103-mi bag pula \u00eentr-un b\u0103rbat dac\u0103 nu sunt verde \u2013 verde de invidie c\u00e2nd v\u0103d cu c\u00e2t\u0103 usurin\u021b\u0103 pot \u0103\u0219tia s\u0103 distorsioneze orice informa\u021bie \u0219i s\u0103 o transforme \u00eentr-un argument pentru ceea ce vor ei s\u0103 se \u00eentample.<\/p>\n<p>&nbsp;<\/p>\n<p><a href=\"http:\/\/antipatic.ro\/wp-content\/uploads\/2016\/05\/WTF-Japanese-hands-free-kit.jpg\"><img loading=\"lazy\" decoding=\"async\" class=\"alignnone size-full wp-image-1234\" src=\"http:\/\/antipatic.ro\/wp-content\/uploads\/2016\/05\/WTF-Japanese-hands-free-kit.jpg\" alt=\"WTF-Japanese-hands-free-kit\" width=\"646\" height=\"442\" srcset=\"https:\/\/antipatic.ro\/wp-content\/uploads\/2016\/05\/WTF-Japanese-hands-free-kit.jpg 646w, https:\/\/antipatic.ro\/wp-content\/uploads\/2016\/05\/WTF-Japanese-hands-free-kit-300x205.jpg 300w\" sizes=\"auto, (max-width: 646px) 100vw, 646px\" \/><\/a><\/p>\n<p>&nbsp;<\/p>\n<p>\u00cen\u021beleg din explica\u021biile de pe site c\u0103 ei fac acest demers pentru c\u0103 \u201cfamilia este locul \u00een care valorile \u0219i tradi\u021biile rom\u00e2ne\u0219ti sunt transferate noilor genera\u021bii, iar tradi\u021biile \u0219i valorile rom\u00e2ne\u0219ti au, la baza lor, familia \u00eentemeiat\u0103 pe c\u0103s\u0103toria \u00eentre un b\u0103rbat \u0219i o femeie.\u201d<\/p>\n<p>&nbsp;<\/p>\n<p>Mai explicit, ca s\u0103 nu sus\u021binem o cauz\u0103 pe care nu o \u00een\u021belegem, vor ca doar familiile formate din barbat \u0219i femeie, \u00een frumoasa, cre\u0219tina \u0219i milenara (a\u0219a cred unii&#8230;) tradi\u021bie rom\u00e2neasc\u0103, s\u0103 poat\u0103 s\u0103 :<\/p>\n<p>&nbsp;<\/p>\n<ul>\n<li>divor\u021beze (cam 30%) \u0219i s\u0103 se rec\u0103s\u0103toreasc\u0103 de maxim 3 ori, hai patru dac\u0103 au bani \u0219i \u00eei dau la pop\u0103<\/li>\n<li>\u00ee\u0219i bat\u0103 nevestele (rar de tot b\u0103rba\u021bii) \u0219i copiii &#8211; cam 25 &#8211; 30.000 de cazuri pe an, \u00een func\u021bie de condi\u021biile climaterice, c\u0103 dac\u0103 plou\u0103 \u0219i e frig \u00ee\u021bi vine ceva mai des s\u0103-i fu\u021bi un dos de palm\u0103 cuiva din apropiere, doar ca s\u0103 v\u0103 \u00eenc\u0103lzi\u021bi<\/li>\n<li>abandoneze copiii prin orfelinate sau s\u0103 \u00eei trimit\u0103 la cer\u0219it<\/li>\n<li>\u00eesi aduc\u0103 la disperare so\u021bul, so\u021bia sau copilul &#8211; cica 95% din copiii da\u021bi disp\u0103ru\u021bi \u00een Rom\u00e2nia de fapt fug de acas\u0103 din cauza familiei (zice un statistic mincinos \u0219i pricinos)<\/li>\n<\/ul>\n<p>&nbsp;<\/p>\n<p>Cu alte cuvinte, demersul lor este unul plin de compasiune, ei de fapt vor s\u0103 protejeze homosexualii, s\u0103 nu fie \u0219i ei nevoi\u021bi s\u0103 treaca prin pericolele unei c\u0103s\u0103torii.<\/p>\n<p>&nbsp;<\/p>\n<p>PS: Pentru cei care ar putea s\u0103 se panicheze, s\u0103 \u0219ti\u021bi c\u0103 aceast\u0103 ac\u021biune nu \u0219i-a propus s\u0103 interzic\u0103 sexul anal. Sta\u021bi lini\u0219ti\u021bi, pute\u021bi s\u0103 \u00eel practica\u021bi \u00een continuare, doar c\u0103 trebuie s\u0103 v\u0103 asigura\u021bi c\u0103 la unul din capetele pulii este de fiecare dat\u0103 o femeie.<\/p>\n<p>&nbsp;<\/p>\n<p>&nbsp;<\/p>\n<p>&nbsp;<\/p>\n","protected":false},"excerpt":{"rendered":"<p>&nbsp; M\u0103 g\u00e2ndesc s\u0103 devin homosexual. &#8220;Coali\u021bia Pentru Familie&#8221; este aproape s\u0103 m\u0103 conving\u0103 s\u0103 trec acest prag, de\u0219i de c\u00e2nd m\u0103 \u0219tiu am avut \u00eentotdeauna o atrac\u021bie deosebit\u0103 pentru<\/p>\n<div class=\"read-more\"><a class=\"theme-btn\" href=\"https:\/\/antipatic.ro\/index.php\/2016\/05\/10\/familia-ma-tii\/\" >READ MORE<\/a><\/div>\n","protected":false},"author":1,"featured_media":1231,"comment_status":"open","ping_status":"open","sticky":false,"template":"","format":"standard","meta":{"footnotes":""},"categories":[7],"tags":[],"class_list":["post-1228","post","type-post","status-publish","format-standard","has-post-thumbnail","hentry","category-m-am-nascut-eu-pe-mine-m-am"],"_links":{"self":[{"href":"https:\/\/antipatic.ro\/index.php\/wp-json\/wp\/v2\/posts\/1228","targetHints":{"allow":["GET"]}}],"collection":[{"href":"https:\/\/antipatic.ro\/index.php\/wp-json\/wp\/v2\/posts"}],"about":[{"href":"https:\/\/antipatic.ro\/index.php\/wp-json\/wp\/v2\/types\/post"}],"author":[{"embeddable":true,"href":"https:\/\/antipatic.ro\/index.php\/wp-json\/wp\/v2\/users\/1"}],"replies":[{"embeddable":true,"href":"https:\/\/antipatic.ro\/index.php\/wp-json\/wp\/v2\/comments?post=1228"}],"version-history":[{"count":8,"href":"https:\/\/antipatic.ro\/index.php\/wp-json\/wp\/v2\/posts\/1228\/revisions"}],"predecessor-version":[{"id":1250,"href":"https:\/\/antipatic.ro\/index.php\/wp-json\/wp\/v2\/posts\/1228\/revisions\/1250"}],"wp:featuredmedia":[{"embeddable":true,"href":"https:\/\/antipatic.ro\/index.php\/wp-json\/wp\/v2\/media\/1231"}],"wp:attachment":[{"href":"https:\/\/antipatic.ro\/index.php\/wp-json\/wp\/v2\/media?parent=1228"}],"wp:term":[{"taxonomy":"category","embeddable":true,"href":"https:\/\/antipatic.ro\/index.php\/wp-json\/wp\/v2\/categories?post=1228"},{"taxonomy":"post_tag","embeddable":true,"href":"https:\/\/antipatic.ro\/index.php\/wp-json\/wp\/v2\/tags?post=1228"}],"curies":[{"name":"wp","href":"https:\/\/api.w.org\/{rel}","templated":true}]}}